{"id":129,"date":"2021-03-11T21:55:17","date_gmt":"2021-03-11T20:55:17","guid":{"rendered":"https:\/\/pszczelarze-belchatow.pl\/?p=129"},"modified":"2021-03-11T21:55:17","modified_gmt":"2021-03-11T20:55:17","slug":"jestes-seniorem-zaszczep-sie","status":"publish","type":"post","link":"https:\/\/pszczelarze-belchatow.pl\/?p=129","title":{"rendered":"Jeste\u015b seniorem? Zaszczep si\u0119."},"content":{"rendered":"\n<div class=\"wp-block-image is-style-twentytwentyone-border\"><figure class=\"aligncenter size-large\"><img loading=\"lazy\" decoding=\"async\" width=\"1024\" height=\"1024\" src=\"https:\/\/pszczelarze-belchatow.pl\/wp-content\/uploads\/2021\/03\/Zaszczep_sie-1024x1024.jpg\" alt=\"\" class=\"wp-image-130\" srcset=\"https:\/\/pszczelarze-belchatow.pl\/wp-content\/uploads\/2021\/03\/Zaszczep_sie-1024x1024.jpg 1024w, https:\/\/pszczelarze-belchatow.pl\/wp-content\/uploads\/2021\/03\/Zaszczep_sie-300x300.jpg 300w, https:\/\/pszczelarze-belchatow.pl\/wp-content\/uploads\/2021\/03\/Zaszczep_sie-150x150.jpg 150w, https:\/\/pszczelarze-belchatow.pl\/wp-content\/uploads\/2021\/03\/Zaszczep_sie-768x768.jpg 768w, https:\/\/pszczelarze-belchatow.pl\/wp-content\/uploads\/2021\/03\/Zaszczep_sie-1536x1536.jpg 1536w, https:\/\/pszczelarze-belchatow.pl\/wp-content\/uploads\/2021\/03\/Zaszczep_sie-1568x1568.jpg 1568w, https:\/\/pszczelarze-belchatow.pl\/wp-content\/uploads\/2021\/03\/Zaszczep_sie.jpg 2000w\" sizes=\"auto, (max-width: 1024px) 100vw, 1024px\" \/><figcaption>\u0179r\u00f3d\u0142o: https:\/\/pl-pl.facebook.com\/kancelaria.premiera<\/figcaption><\/figure><\/div>\n\n\n\n<h2 class=\"wp-block-heading\">Jak si\u0119 zaszczepi\u0107?<\/h2>\n\n\n\n<p>Powszechne szczepienia ca\u0142ego spo\u0142ecze\u0144stwa ruszy\u0142y w styczniu 2021 r. Jeszcze w grudniu 2020 r. rozpocz\u0119\u0142y si\u0119 szczepienia pracownik\u00f3w s\u0142u\u017cby zdrowia. Kolejno\u015b\u0107 szczepie\u0144 ustala Narodowy Program Szczepie\u0144 przeciwko COVID-19. Dlaczego? Zale\u017cy nam na tym, by jak najszybciej ochroni\u0107 osoby najbardziej nara\u017cone na chorob\u0119 \u2013 medyk\u00f3w i personel niemedyczny, kt\u00f3ry codziennie dba o nasze zdrowie \u2013 a tak\u017ce senior\u00f3w.<\/p>\n\n\n\n<h3 class=\"wp-block-heading\">Pierwszy etap szczepie\u0144<\/h3>\n\n\n\n<ul class=\"wp-block-list\"><li><strong>15 stycznia<\/strong>&nbsp;ruszy\u0142a rejestracja na szczepienia przeciw COVID-19 dla senior\u00f3w, kt\u00f3rzy sko\u0144czyli&nbsp;<strong>80 lat<\/strong>. Chcesz si\u0119 zarejestrowa\u0107 na szczepienie?&nbsp;<a href=\"https:\/\/www.gov.pl\/web\/szczepimysie\/rejestracja\">Kliknij tutaj<\/a>.<\/li><li>Od&nbsp;<strong>22 stycznia<\/strong>&nbsp;mog\u0105 rejestrowa\u0107 si\u0119 osoby powy\u017cej&nbsp;<strong>70. roku \u017cycia<\/strong>.<\/li><\/ul>\n\n\n\n<p>Szczepienia dla zarejestrowanych senior\u00f3w rozpocz\u0119\u0142y si\u0119\u00a0<strong>25 stycznia<\/strong>. Natomiast <strong>12 lutego <\/strong>ruszy\u0142y szczepienia kolejnej grupy os\u00f3b z etapu I &#8211; nauczycieli.<\/p>\n\n\n\n<p>Do ko\u0144ca I kwarta\u0142u 2021 roku planujemy:<\/p>\n\n\n\n<ul class=\"wp-block-list\"><li><strong>7 marca<\/strong>&nbsp;\u2013 zako\u0144czy\u0107&nbsp;szczepienia&nbsp;nauczycieli;<\/li><li><strong>8 marca<\/strong>&nbsp;\u2013 rozpocz\u0105\u0107&nbsp;dodatkowe&nbsp;szczepienia&nbsp;z grupy 0;<\/li><li><strong>10 marca<\/strong>&nbsp;\u2013 uruchomi\u0107&nbsp;rejestracj\u0119&nbsp;dla pacjent\u00f3w chorych przewlekle;<\/li><li><strong>15 marca<\/strong>&nbsp;\u2013 rozpocz\u0105\u0107&nbsp;szczepienia&nbsp;pacjent\u00f3w chorych przewlekle;<\/li><li><strong>22 marca<\/strong>&nbsp;\u2013 rozpocz\u0105\u0107&nbsp;szczepienia&nbsp;pacjent\u00f3w w wieku 69 lat;<\/li><li><strong>29 marca<\/strong>&nbsp;\u2013 rozpocz\u0105\u0107&nbsp;szczepienia&nbsp;s\u0142u\u017cb mundurowych.<\/li><\/ul>\n\n\n\n<p>Wspomniane plany uzale\u017cnione s\u0105 od dostaw szczepionek.<\/p>\n\n\n\n<p>Stopniowo szczepionka przeciw COVID-19 b\u0119dzie udost\u0119pniana kolejnym grupom wiekowym i zawodowym.<\/p>\n\n\n\n<p><a href=\"https:\/\/www.gov.pl\/web\/szczepimysie\/rejestracja\">https:\/\/www.gov.pl\/web\/szczepimysie\/rejestracja<\/a><\/p>\n","protected":false},"excerpt":{"rendered":"<p>Jak si\u0119 zaszczepi\u0107? Powszechne szczepienia ca\u0142ego spo\u0142ecze\u0144stwa ruszy\u0142y w styczniu 2021 r. Jeszcze w grudniu 2020 r. rozpocz\u0119\u0142y si\u0119 szczepienia pracownik\u00f3w s\u0142u\u017cby zdrowia. Kolejno\u015b\u0107 szczepie\u0144 ustala Narodowy Program Szczepie\u0144 przeciwko COVID-19. Dlaczego? Zale\u017cy nam na tym, by jak najszybciej ochroni\u0107 osoby najbardziej nara\u017cone na chorob\u0119 \u2013 medyk\u00f3w i personel niemedyczny, kt\u00f3ry codziennie dba o nasze&hellip; <a class=\"more-link\" href=\"https:\/\/pszczelarze-belchatow.pl\/?p=129\">Czytaj dalej <span class=\"screen-reader-text\">Jeste\u015b seniorem? Zaszczep si\u0119.<\/span><\/a><\/p>\n","protected":false},"author":1,"featured_media":0,"comment_status":"closed","ping_status":"open","sticky":false,"template":"","format":"standard","meta":{"footnotes":""},"categories":[1],"tags":[],"class_list":["post-129","post","type-post","status-publish","format-standard","hentry","category-bez-kategorii","entry"],"_links":{"self":[{"href":"https:\/\/pszczelarze-belchatow.pl\/index.php?rest_route=\/wp\/v2\/posts\/129","targetHints":{"allow":["GET"]}}],"collection":[{"href":"https:\/\/pszczelarze-belchatow.pl\/index.php?rest_route=\/wp\/v2\/posts"}],"about":[{"href":"https:\/\/pszczelarze-belchatow.pl\/index.php?rest_route=\/wp\/v2\/types\/post"}],"author":[{"embeddable":true,"href":"https:\/\/pszczelarze-belchatow.pl\/index.php?rest_route=\/wp\/v2\/users\/1"}],"replies":[{"embeddable":true,"href":"https:\/\/pszczelarze-belchatow.pl\/index.php?rest_route=%2Fwp%2Fv2%2Fcomments&post=129"}],"version-history":[{"count":1,"href":"https:\/\/pszczelarze-belchatow.pl\/index.php?rest_route=\/wp\/v2\/posts\/129\/revisions"}],"predecessor-version":[{"id":131,"href":"https:\/\/pszczelarze-belchatow.pl\/index.php?rest_route=\/wp\/v2\/posts\/129\/revisions\/131"}],"wp:attachment":[{"href":"https:\/\/pszczelarze-belchatow.pl\/index.php?rest_route=%2Fwp%2Fv2%2Fmedia&parent=129"}],"wp:term":[{"taxonomy":"category","embeddable":true,"href":"https:\/\/pszczelarze-belchatow.pl\/index.php?rest_route=%2Fwp%2Fv2%2Fcategories&post=129"},{"taxonomy":"post_tag","embeddable":true,"href":"https:\/\/pszczelarze-belchatow.pl\/index.php?rest_route=%2Fwp%2Fv2%2Ftags&post=129"}],"curies":[{"name":"wp","href":"https:\/\/api.w.org\/{rel}","templated":true}]}}