{"id":699,"date":"2026-01-25T14:13:23","date_gmt":"2026-01-25T13:13:23","guid":{"rendered":"https:\/\/pszczelarze-belchatow.pl\/?p=699"},"modified":"2026-01-25T14:13:23","modified_gmt":"2026-01-25T13:13:23","slug":"nowe-obowiazki-dla-pszczelarzy-w-polsce-rejestracja-pasiek-dla-wszystkich-wlascicieli-uli","status":"publish","type":"post","link":"https:\/\/pszczelarze-belchatow.pl\/?p=699","title":{"rendered":"Nowe obowi\u0105zki dla pszczelarzy w Polsce \u2013 rejestracja pasiek dla wszystkich w\u0142a\u015bcicieli uli"},"content":{"rendered":"\n<p>W 2026 roku w \u017cycie ma wej\u015b\u0107 wa\u017cne rozporz\u0105dzenie, kt\u00f3re wprowadza istotne zmiany w prawie dotycz\u0105cym prowadzenia pasiek w Polsce. Zgodnie z projektem opublikowanym w Rz\u0105dowym Centrum Legislacyjnym, <strong>obowi\u0105zkowa rejestracja pasiek i wszystkich uli obejmie ka\u017cdego pszczelarza w kraju \u2013 bez wyj\u0105tku, tak\u017ce tych prowadz\u0105cych przydomowe lub hobbystyczne pasieki<\/strong>.<\/p>\n\n\n\n<h3 class=\"wp-block-heading\">Nowe przepisy \u2013 kto i co musi zg\u0142osi\u0107?<\/h3>\n\n\n\n<p>Dotychczas wi\u0119kszo\u015b\u0107 obowi\u0105zk\u00f3w ewidencyjnych i weterynaryjnych dotyczy\u0142a wi\u0119kszych producent\u00f3w miodu lub zak\u0142ad\u00f3w zatwierdzonych. Projekt rozporz\u0105dzenia zmienia ten stan i wprowadza <strong>obowi\u0105zek zg\u0142oszenia ka\u017cdego miejsca, w kt\u00f3rym utrzymywane s\u0105 pszczo\u0142y \u2013 nawet je\u015bli jest to tylko jeden ul na balkonie czy dzia\u0142ce<\/strong>.<\/p>\n\n\n\n<p>Nowe wymagania obejmuj\u0105:<\/p>\n\n\n\n<ul class=\"wp-block-list\">\n<li>przekazanie danych do Powiatowego Lekarza Weterynarii,<\/li>\n\n\n\n<li>rejestracj\u0119 miejsca utrzymywania pszcz\u00f3\u0142 (pasieki),<\/li>\n\n\n\n<li>aktualizacj\u0119 danych w przypadku zmian.<\/li>\n<\/ul>\n\n\n\n<p>Nie ma przy tym znaczenia, czy pszczo\u0142y s\u0105 utrzymywane dla w\u0142asnego u\u017cytku, jako hobby, czy w celach komercyjnych \u2013 obowi\u0105zek dotyczy wszystkich lokalizacji pszczelich.<\/p>\n\n\n\n<h3 class=\"wp-block-heading\">Dlaczego rejestracja jest wprowadzana?<\/h3>\n\n\n\n<p>Zmiana wynika z wdra\u017cania unijnych przepis\u00f3w zawartych w <strong>Rozporz\u0105dzeniu UE 2016\/429 (Prawo o zdrowiu zwierz\u0105t)<\/strong> wraz z aktami wykonawczymi Komisji Europejskiej. Polska zdecydowa\u0142a si\u0119 obj\u0105\u0107 wszystkie pasieki obowi\u0105zkiem rejestracji, chocia\u017c prawo unijne dopuszcza w pewnych sytuacjach wy\u0142\u0105czenia dla zwierz\u0105t niskiego ryzyka.<\/p>\n\n\n\n<p>Celem tego rozwi\u0105zania jest poprawa <strong>bezpiecze\u0144stwa epizootycznego<\/strong>, czyli lepsze monitorowanie zdrowia pszcz\u00f3\u0142 i szybsze reagowanie na pojawiaj\u0105ce si\u0119 choroby, takie jak np. zgnilec ameryka\u0144ski. Dla s\u0142u\u017cb weterynaryjnych pe\u0142na ewidencja pasiek u\u0142atwi lokalizowanie miejsc utrzymywania pszcz\u00f3\u0142 w skali kraju i organizowanie dzia\u0142a\u0144 profilaktycznych lub interwencyjnych.<\/p>\n\n\n\n<h3 class=\"wp-block-heading\">Co to oznacza dla pszczelarzy?<\/h3>\n\n\n\n<p>W praktyce ka\u017cdy pszczelarz \u2013 nawet ten, kt\u00f3ry dot\u0105d nie zg\u0142asza\u0142 swojej pasieki \u2013 <strong>b\u0119dzie musia\u0142 dope\u0142ni\u0107 formalno\u015bci ewidencyjnych w lokalnym Powiatowym Lekarzu Weterynarii<\/strong>. To oznacza zg\u0142oszenie adresu pasieki oraz liczby uli.<\/p>\n\n\n\n<p>Warto podkre\u015bli\u0107, \u017ce projekt <strong>nie wprowadza obowi\u0105zku zatwierdzania pasieki jako zak\u0142adu<\/strong>, ani <strong>nie nak\u0142ada dodatkowych kontroli<\/strong> czy op\u0142at. Obowi\u0105zek ma charakter ewidencyjny, a nie nadzorczy.<\/p>\n\n\n\n<h3 class=\"wp-block-heading\">Termin wej\u015bcia w \u017cycie<\/h3>\n\n\n\n<p>Zgodnie z projektem, nowe przepisy maj\u0105 wej\u015b\u0107 w \u017cycie <strong>18 marca 2026 roku<\/strong>, pod warunkiem zatwierdzenia i podpisania rozporz\u0105dzenia. W praktyce oznacza to, \u017ce pszczelarze maj\u0105 jeszcze czas na przygotowanie i zg\u0142oszenie swoich pasiek przed rozpocz\u0119ciem sezonu prac pszczelarskich.<\/p>\n","protected":false},"excerpt":{"rendered":"<p>W 2026 roku w \u017cycie ma wej\u015b\u0107 wa\u017cne rozporz\u0105dzenie, kt\u00f3re wprowadza istotne zmiany w prawie dotycz\u0105cym prowadzenia pasiek w Polsce. Zgodnie z projektem opublikowanym w Rz\u0105dowym Centrum Legislacyjnym, obowi\u0105zkowa rejestracja pasiek i wszystkich uli obejmie ka\u017cdego pszczelarza w kraju \u2013 bez wyj\u0105tku, tak\u017ce tych prowadz\u0105cych przydomowe lub hobbystyczne pasieki. Nowe przepisy \u2013 kto i co&hellip; <a class=\"more-link\" href=\"https:\/\/pszczelarze-belchatow.pl\/?p=699\">Czytaj dalej <span class=\"screen-reader-text\">Nowe obowi\u0105zki dla pszczelarzy w Polsce \u2013 rejestracja pasiek dla wszystkich w\u0142a\u015bcicieli uli<\/span><\/a><\/p>\n","protected":false},"author":1,"featured_media":0,"comment_status":"closed","ping_status":"open","sticky":false,"template":"","format":"standard","meta":{"footnotes":""},"categories":[1,7,4,2],"tags":[],"class_list":["post-699","post","type-post","status-publish","format-standard","hentry","category-bez-kategorii","category-informacje-pzp","category-informacje-rzp","category-informacje-zarzadu","entry"],"_links":{"self":[{"href":"https:\/\/pszczelarze-belchatow.pl\/index.php?rest_route=\/wp\/v2\/posts\/699","targetHints":{"allow":["GET"]}}],"collection":[{"href":"https:\/\/pszczelarze-belchatow.pl\/index.php?rest_route=\/wp\/v2\/posts"}],"about":[{"href":"https:\/\/pszczelarze-belchatow.pl\/index.php?rest_route=\/wp\/v2\/types\/post"}],"author":[{"embeddable":true,"href":"https:\/\/pszczelarze-belchatow.pl\/index.php?rest_route=\/wp\/v2\/users\/1"}],"replies":[{"embeddable":true,"href":"https:\/\/pszczelarze-belchatow.pl\/index.php?rest_route=%2Fwp%2Fv2%2Fcomments&post=699"}],"version-history":[{"count":1,"href":"https:\/\/pszczelarze-belchatow.pl\/index.php?rest_route=\/wp\/v2\/posts\/699\/revisions"}],"predecessor-version":[{"id":700,"href":"https:\/\/pszczelarze-belchatow.pl\/index.php?rest_route=\/wp\/v2\/posts\/699\/revisions\/700"}],"wp:attachment":[{"href":"https:\/\/pszczelarze-belchatow.pl\/index.php?rest_route=%2Fwp%2Fv2%2Fmedia&parent=699"}],"wp:term":[{"taxonomy":"category","embeddable":true,"href":"https:\/\/pszczelarze-belchatow.pl\/index.php?rest_route=%2Fwp%2Fv2%2Fcategories&post=699"},{"taxonomy":"post_tag","embeddable":true,"href":"https:\/\/pszczelarze-belchatow.pl\/index.php?rest_route=%2Fwp%2Fv2%2Ftags&post=699"}],"curies":[{"name":"wp","href":"https:\/\/api.w.org\/{rel}","templated":true}]}}